{"id":1384,"date":"2023-02-01T12:22:44","date_gmt":"2023-02-01T12:22:44","guid":{"rendered":"https:\/\/cyclosphera.com\/entrevista-tv-banyoles-2\/"},"modified":"2023-02-01T12:31:11","modified_gmt":"2023-02-01T12:31:11","slug":"entrevista-tv-banyoles","status":"publish","type":"post","link":"https:\/\/cyclosphera.com\/ca\/entrevista-tv-banyoles\/","title":{"rendered":"ENTREVISTA TV BANYOLES"},"content":{"rendered":"<p>Ja fa uns dies que ens van fer una entrevista i vam estar explicant qui som i qu\u00e8 fem a Cyclosphera per televisi\u00f3. Vam sortir per Tv Banyoles i el canal es pot veure per quasi tota la prov\u00edncia de Girona, per\u00f2 tamb\u00e9 dins al seu canal de Youtube.<\/p>\n<p>Aqu\u00ed us deixem el v\u00eddeo per a qu\u00e8 el veieu!<\/p>\n<figure class=\"wp-block-embed wp-block-embed-youtube is-type-video is-provider-youtube epyt-figure\"><div class=\"wp-block-embed__wrapper\"><iframe loading=\"lazy\"  id=\"_ytid_87752\"  width=\"1140\" height=\"641\"  data-origwidth=\"1140\" data-origheight=\"641\"  data-relstop=\"1\" src=\"https:\/\/www.youtube.com\/embed\/jG17dQcTZ_E?enablejsapi=1&autoplay=0&cc_load_policy=0&cc_lang_pref=&iv_load_policy=1&loop=0&modestbranding=1&rel=0&fs=1&playsinline=0&autohide=2&theme=dark&color=red&controls=1&\" class=\"__youtube_prefs__  no-lazyload\" title=\"YouTube player\"  allow=\"fullscreen; accelerometer; autoplay; clipboard-write; encrypted-media; gyroscope; picture-in-picture\" allowfullscreen data-no-lazy=\"1\" data-skipgform_ajax_framebjll=\"\"><\/iframe><\/div><\/figure>\n<p>Moltes gr\u00e0cies a en Jordi, que va ser el que ens va fer l&#8217;entrevista i tamb\u00e9 ha fet aquest s\u00faper muntatge de tot el video! Gr\u00e0cies!!!<\/p>\n","protected":false},"excerpt":{"rendered":"<p>Ja fa uns dies que ens van fer una entrevista i vam estar explicant qui som i qu\u00e8 fem a Cyclosphera per televisi\u00f3. Vam sortir per Tv Banyoles i el canal es pot veure per quasi tota la prov\u00edncia de Girona, per\u00f2 tamb\u00e9 dins al seu canal de Youtube. Aqu\u00ed us deixem el v\u00eddeo per&#8230;<\/p>\n","protected":false},"author":1,"featured_media":1382,"comment_status":"open","ping_status":"open","sticky":false,"template":"","format":"standard","meta":{"om_disable_all_campaigns":false,"footnotes":""},"categories":[24,21],"tags":[55,56,54,57,53],"class_list":["post-1384","post","type-post","status-publish","format-standard","has-post-thumbnail","hentry","category-botiga","category-taller-ca","tag-banyoles","tag-entrevista-ca","tag-taller","tag-tv-ca","tag-tvbanyoles"],"aioseo_notices":[],"_links":{"self":[{"href":"https:\/\/cyclosphera.com\/ca\/wp-json\/wp\/v2\/posts\/1384","targetHints":{"allow":["GET"]}}],"collection":[{"href":"https:\/\/cyclosphera.com\/ca\/wp-json\/wp\/v2\/posts"}],"about":[{"href":"https:\/\/cyclosphera.com\/ca\/wp-json\/wp\/v2\/types\/post"}],"author":[{"embeddable":true,"href":"https:\/\/cyclosphera.com\/ca\/wp-json\/wp\/v2\/users\/1"}],"replies":[{"embeddable":true,"href":"https:\/\/cyclosphera.com\/ca\/wp-json\/wp\/v2\/comments?post=1384"}],"version-history":[{"count":2,"href":"https:\/\/cyclosphera.com\/ca\/wp-json\/wp\/v2\/posts\/1384\/revisions"}],"predecessor-version":[{"id":1388,"href":"https:\/\/cyclosphera.com\/ca\/wp-json\/wp\/v2\/posts\/1384\/revisions\/1388"}],"wp:featuredmedia":[{"embeddable":true,"href":"https:\/\/cyclosphera.com\/ca\/wp-json\/wp\/v2\/media\/1382"}],"wp:attachment":[{"href":"https:\/\/cyclosphera.com\/ca\/wp-json\/wp\/v2\/media?parent=1384"}],"wp:term":[{"taxonomy":"category","embeddable":true,"href":"https:\/\/cyclosphera.com\/ca\/wp-json\/wp\/v2\/categories?post=1384"},{"taxonomy":"post_tag","embeddable":true,"href":"https:\/\/cyclosphera.com\/ca\/wp-json\/wp\/v2\/tags?post=1384"}],"curies":[{"name":"wp","href":"https:\/\/api.w.org\/{rel}","templated":true}]}}